{"id":1341,"date":"2021-09-20T19:58:42","date_gmt":"2021-09-20T19:58:42","guid":{"rendered":"https:\/\/o-mas-proyectos.com\/v4\/?p=1341"},"modified":"2023-08-09T20:01:37","modified_gmt":"2023-08-09T20:01:37","slug":"volkswagen-inauguro-el-centro-logistico-fatima-en-pilar","status":"publish","type":"post","link":"https:\/\/o-mas-proyectos.com\/v4\/2021\/09\/20\/volkswagen-inauguro-el-centro-logistico-fatima-en-pilar\/","title":{"rendered":"Volkswagen inaugur\u00f3 el Centro Log\u00edstico F\u00e1tima en Pilar"},"content":{"rendered":"<div class=\"fusion-fullwidth fullwidth-box fusion-builder-row-1 fusion-flex-container hundred-percent-fullwidth non-hundred-percent-height-scrolling\" style=\"--awb-border-radius-top-left:0px;--awb-border-radius-top-right:0px;--awb-border-radius-bottom-right:0px;--awb-border-radius-bottom-left:0px;--awb-overflow:visible;\" ><div class=\"fusion-builder-row fusion-row fusion-flex-align-items-flex-start\" style=\"width:104% !important;max-width:104% !important;margin-left: calc(-4% \/ 2 );margin-right: calc(-4% \/ 2 );\"><div class=\"fusion-layout-column fusion_builder_column fusion-builder-column-0 fusion_builder_column_1_1 1_1 fusion-flex-column fusion-flex-align-self-flex-start fusion-column-no-min-height\" style=\"--awb-bg-blend:overlay;--awb-bg-size:cover;--awb-width-large:100%;--awb-margin-top-large:0px;--awb-spacing-right-large:1.92%;--awb-margin-bottom-large:0px;--awb-spacing-left-large:1.92%;--awb-width-medium:100%;--awb-spacing-right-medium:1.92%;--awb-spacing-left-medium:1.92%;--awb-width-small:100%;--awb-spacing-right-small:1.92%;--awb-spacing-left-small:1.92%;\"><div class=\"fusion-column-wrapper fusion-flex-justify-content-flex-start fusion-content-layout-column\"><div class=\"fusion-text fusion-text-1\"><p><span class=\"fusion-dropcap dropcap dropcap-boxed\" style=\"--awb-border-radius:0px;\">V<\/span>olkswagen Group Argentina inaugur\u00f3 el Centro Log\u00edstico F\u00e1tima, en el municipio bonaerense de Pilar. Se trata de un proyecto que forma parte del plan de inversi\u00f3n anunciado por el Grupo por casi us$ 1.000 millones y permitir\u00e1 abastecer de repuestos y accesorios al mercado local y de exportaci\u00f3n.<\/p>\n<p>El predio tiene m\u00e1s de 53.000 metros cuadrados donde se pueden almacenar y distribuir repuestos y accesorios originales de\u00a0Volkswagen\u00a0para m\u00e1s de 200 modelos del Grupo, logrando una mejora en los tiempos de entrega del 50%.<\/p>\n<p><img decoding=\"async\" class=\"lazyload size-full wp-image-1342 aligncenter\" src=\"https:\/\/o-mas-proyectos.com\/v4\/wp-content\/uploads\/2023\/08\/centro-logistico-fatima-VW-2.webp\" data-orig-src=\"https:\/\/o-mas-proyectos.com\/v4\/wp-content\/uploads\/2023\/08\/centro-logistico-fatima-VW-2.webp\" alt=\"Volkswagen 1\" width=\"768\" height=\"432\" srcset=\"data:image\/svg+xml,%3Csvg%20xmlns%3D%27http%3A%2F%2Fwww.w3.org%2F2000%2Fsvg%27%20width%3D%27768%27%20height%3D%27432%27%20viewBox%3D%270%200%20768%20432%27%3E%3Crect%20width%3D%27768%27%20height%3D%27432%27%20fill-opacity%3D%220%22%2F%3E%3C%2Fsvg%3E\" data-srcset=\"https:\/\/o-mas-proyectos.com\/v4\/wp-content\/uploads\/2023\/08\/centro-logistico-fatima-VW-2-200x113.webp 200w, https:\/\/o-mas-proyectos.com\/v4\/wp-content\/uploads\/2023\/08\/centro-logistico-fatima-VW-2-300x169.webp 300w, https:\/\/o-mas-proyectos.com\/v4\/wp-content\/uploads\/2023\/08\/centro-logistico-fatima-VW-2-400x225.webp 400w, https:\/\/o-mas-proyectos.com\/v4\/wp-content\/uploads\/2023\/08\/centro-logistico-fatima-VW-2-600x338.webp 600w, https:\/\/o-mas-proyectos.com\/v4\/wp-content\/uploads\/2023\/08\/centro-logistico-fatima-VW-2.webp 768w\" data-sizes=\"auto\" data-orig-sizes=\"(max-width: 768px) 100vw, 768px\" \/><\/p>\n<p>El acto cont\u00f3 con la presencia del presidente y CEO de Volkswagen Group Argentina, Thomas Owsianski. Tambi\u00e9n participaron el director comercial, Mart\u00edn Massimino y la directora de asuntos corporativos, Angie Stelzer.<\/p>\n<p class=\"content cable-content\">El Centro Log\u00edstico de F\u00e1tima forma parte del plan de inversiones de m\u00e1s de US$ 1.000 millones de Volkswagen para Argentina. De ellos, US$ 40 millones se destinaron para este proyecto.<\/p>\n<p><img decoding=\"async\" class=\"lazyload size-full wp-image-1343 aligncenter\" src=\"https:\/\/o-mas-proyectos.com\/v4\/wp-content\/uploads\/2023\/08\/centro-logistico-fatima-VW-3.webp\" data-orig-src=\"https:\/\/o-mas-proyectos.com\/v4\/wp-content\/uploads\/2023\/08\/centro-logistico-fatima-VW-3.webp\" alt=\"Volkswagen 2\" width=\"768\" height=\"513\" srcset=\"data:image\/svg+xml,%3Csvg%20xmlns%3D%27http%3A%2F%2Fwww.w3.org%2F2000%2Fsvg%27%20width%3D%27768%27%20height%3D%27513%27%20viewBox%3D%270%200%20768%20513%27%3E%3Crect%20width%3D%27768%27%20height%3D%27513%27%20fill-opacity%3D%220%22%2F%3E%3C%2Fsvg%3E\" data-srcset=\"https:\/\/o-mas-proyectos.com\/v4\/wp-content\/uploads\/2023\/08\/centro-logistico-fatima-VW-3-200x134.webp 200w, https:\/\/o-mas-proyectos.com\/v4\/wp-content\/uploads\/2023\/08\/centro-logistico-fatima-VW-3-300x200.webp 300w, https:\/\/o-mas-proyectos.com\/v4\/wp-content\/uploads\/2023\/08\/centro-logistico-fatima-VW-3-400x267.webp 400w, https:\/\/o-mas-proyectos.com\/v4\/wp-content\/uploads\/2023\/08\/centro-logistico-fatima-VW-3-600x401.webp 600w, https:\/\/o-mas-proyectos.com\/v4\/wp-content\/uploads\/2023\/08\/centro-logistico-fatima-VW-3.webp 768w\" data-sizes=\"auto\" data-orig-sizes=\"(max-width: 768px) 100vw, 768px\" \/><\/p>\n<p>El proyecto global permiti\u00f3 la modernizaci\u00f3n de la planta de la localidad bonaerense de General Pacheco. All\u00ed se comenz\u00f3 a producir este a\u00f1o el primer SUV del pa\u00eds bajo el nombre\u00a0Taos, que es exportado a toda la regi\u00f3n. Adem\u00e1s, se increment\u00f3 la capacidad de la f\u00e1brica de cajas de cambio de la provincia de C\u00f3rdoba que se destina casi en su totalidad a los mercados externos.<\/p>\n<\/div><\/div><\/div><\/div><\/div>\n","protected":false},"excerpt":{"rendered":"","protected":false},"author":1,"featured_media":1346,"comment_status":"closed","ping_status":"open","sticky":false,"template":"","format":"standard","meta":{"footnotes":""},"categories":[50],"tags":[],"class_list":["post-1341","post","type-post","status-publish","format-standard","has-post-thumbnail","hentry","category-proyectos"],"_links":{"self":[{"href":"https:\/\/o-mas-proyectos.com\/v4\/wp-json\/wp\/v2\/posts\/1341","targetHints":{"allow":["GET"]}}],"collection":[{"href":"https:\/\/o-mas-proyectos.com\/v4\/wp-json\/wp\/v2\/posts"}],"about":[{"href":"https:\/\/o-mas-proyectos.com\/v4\/wp-json\/wp\/v2\/types\/post"}],"author":[{"embeddable":true,"href":"https:\/\/o-mas-proyectos.com\/v4\/wp-json\/wp\/v2\/users\/1"}],"replies":[{"embeddable":true,"href":"https:\/\/o-mas-proyectos.com\/v4\/wp-json\/wp\/v2\/comments?post=1341"}],"version-history":[{"count":0,"href":"https:\/\/o-mas-proyectos.com\/v4\/wp-json\/wp\/v2\/posts\/1341\/revisions"}],"wp:featuredmedia":[{"embeddable":true,"href":"https:\/\/o-mas-proyectos.com\/v4\/wp-json\/wp\/v2\/media\/1346"}],"wp:attachment":[{"href":"https:\/\/o-mas-proyectos.com\/v4\/wp-json\/wp\/v2\/media?parent=1341"}],"wp:term":[{"taxonomy":"category","embeddable":true,"href":"https:\/\/o-mas-proyectos.com\/v4\/wp-json\/wp\/v2\/categories?post=1341"},{"taxonomy":"post_tag","embeddable":true,"href":"https:\/\/o-mas-proyectos.com\/v4\/wp-json\/wp\/v2\/tags?post=1341"}],"curies":[{"name":"wp","href":"https:\/\/api.w.org\/{rel}","templated":true}]}}