{"id":1348,"date":"2021-09-24T20:04:21","date_gmt":"2021-09-24T20:04:21","guid":{"rendered":"https:\/\/o-mas-proyectos.com\/v4\/?p=1348"},"modified":"2023-08-09T20:24:18","modified_gmt":"2023-08-09T20:24:18","slug":"como-es-el-nuevo-centro-logistico-de-volkswagen-en-pilar","status":"publish","type":"post","link":"https:\/\/o-mas-proyectos.com\/v4\/2021\/09\/24\/como-es-el-nuevo-centro-logistico-de-volkswagen-en-pilar\/","title":{"rendered":"C\u00f3mo es el nuevo Centro Log\u00edstico de Volkswagen en Pilar"},"content":{"rendered":"<div class=\"fusion-fullwidth fullwidth-box fusion-builder-row-1 fusion-flex-container hundred-percent-fullwidth non-hundred-percent-height-scrolling\" style=\"--awb-border-radius-top-left:0px;--awb-border-radius-top-right:0px;--awb-border-radius-bottom-right:0px;--awb-border-radius-bottom-left:0px;--awb-overflow:visible;\" ><div class=\"fusion-builder-row fusion-row fusion-flex-align-items-flex-start\" style=\"width:104% !important;max-width:104% !important;margin-left: calc(-4% \/ 2 );margin-right: calc(-4% \/ 2 );\"><div class=\"fusion-layout-column fusion_builder_column fusion-builder-column-0 fusion_builder_column_1_1 1_1 fusion-flex-column fusion-flex-align-self-flex-start fusion-column-no-min-height\" style=\"--awb-bg-blend:overlay;--awb-bg-size:cover;--awb-width-large:100%;--awb-margin-top-large:0px;--awb-spacing-right-large:1.92%;--awb-margin-bottom-large:0px;--awb-spacing-left-large:1.92%;--awb-width-medium:100%;--awb-spacing-right-medium:1.92%;--awb-spacing-left-medium:1.92%;--awb-width-small:100%;--awb-spacing-right-small:1.92%;--awb-spacing-left-small:1.92%;\"><div class=\"fusion-column-wrapper fusion-flex-justify-content-flex-start fusion-content-layout-column\"><div class=\"fusion-text fusion-text-1\"><p><span class=\"fusion-dropcap dropcap dropcap-boxed\" style=\"--awb-border-radius:0px;\">L<\/span>a automotriz inaugur\u00f3 el Centro Log\u00edstico F\u00e1tima que tiene m\u00e1s de 53.000 metros cuadrados como parte de su estrategia de emisiones cero para 2050.<\/p>\n<p class=\"com-paragraph --s\"><strong>Volkswagen Group Argentina<\/strong>\u00a0inaugur\u00f3 el nuevo\u00a0<strong>Centro Log\u00edstico F\u00e1tima<\/strong>, en el municipio de Pilar, provincia de Buenos Aires. El evento cont\u00f3 con la presencia de los principales directivos de la automotriz de origen alem\u00e1n, liderados por el presidente y CEO de Volkswagen Group Argentina ,<strong>Thomas Owsianski<\/strong>, junto al Director Comercial,\u00a0<strong>Mart\u00edn Massimino<\/strong>\u00a0y la Directora de Asuntos Corporativos, Legales y P\u00fablicos,\u00a0<strong>Angie Stelzer<\/strong>.<\/p>\n<p class=\"com-paragraph --s\">Este nuevo Centro Log\u00edstico forma parte del\u00a0<strong>plan de inversi\u00f3n anunciado por el Grupo de hasta USD 1000<\/strong>\u00a0<strong>millones\u00a0<\/strong>en el pa\u00eds, y permitir\u00e1 abastecer de repuestos y accesorios al mercado local y de exportaci\u00f3n.<\/p>\n<p class=\"com-paragraph --s\">\u201cQuiero destacar el gran trabajo y profesionalismo de todos los que participaron en la realizaci\u00f3n de este proyecto: el gobierno nacional, provincial y municipal, as\u00ed como tambi\u00e9n el SMATA, nuestros proveedores y colaboradores. Sobre todo, quiero felicitarlos por haber superado todos los desaf\u00edos que tuvimos y lograr terminar este incre\u00edble proyecto, cumpliendo, una vez m\u00e1s, con los compromisos asumidos\u201d, se\u00f1al\u00f3 Thomas Owsianski.<\/p>\n<p class=\"com-paragraph --s\">El Centro Log\u00edstico de F\u00e1tima forma parte del plan de inversiones de Volkswagen para Argentina, de los cuales USD 40 millones fueron destinados para este proyecto.<\/p>\n<p><img decoding=\"async\" class=\"lazyload alignnone size-full wp-image-1350\" src=\"https:\/\/o-mas-proyectos.com\/v4\/wp-content\/uploads\/2023\/08\/VW-2.png\" data-orig-src=\"https:\/\/o-mas-proyectos.com\/v4\/wp-content\/uploads\/2023\/08\/VW-2.png\" alt=\"Volkswagen\" width=\"780\" height=\"520\" srcset=\"data:image\/svg+xml,%3Csvg%20xmlns%3D%27http%3A%2F%2Fwww.w3.org%2F2000%2Fsvg%27%20width%3D%27780%27%20height%3D%27520%27%20viewBox%3D%270%200%20780%20520%27%3E%3Crect%20width%3D%27780%27%20height%3D%27520%27%20fill-opacity%3D%220%22%2F%3E%3C%2Fsvg%3E\" data-srcset=\"https:\/\/o-mas-proyectos.com\/v4\/wp-content\/uploads\/2023\/08\/VW-2-200x133.png 200w, https:\/\/o-mas-proyectos.com\/v4\/wp-content\/uploads\/2023\/08\/VW-2-300x200.png 300w, https:\/\/o-mas-proyectos.com\/v4\/wp-content\/uploads\/2023\/08\/VW-2-400x267.png 400w, https:\/\/o-mas-proyectos.com\/v4\/wp-content\/uploads\/2023\/08\/VW-2-600x400.png 600w, https:\/\/o-mas-proyectos.com\/v4\/wp-content\/uploads\/2023\/08\/VW-2-768x512.png 768w, https:\/\/o-mas-proyectos.com\/v4\/wp-content\/uploads\/2023\/08\/VW-2.png 780w\" data-sizes=\"auto\" data-orig-sizes=\"(max-width: 780px) 100vw, 780px\" \/><\/p>\n<p>El CEO de Volkswagen Group Argentina, Thomas Owsianski, el Director Comercial, Mart\u00edn Massimino y la Directora de Asuntos Corporativos, Legales y P\u00fablicos, Angie Stelzer<\/p>\n<\/div><\/div><\/div><div class=\"fusion-layout-column fusion_builder_column fusion-builder-column-1 fusion_builder_column_1_1 1_1 fusion-flex-column fusion-flex-align-self-flex-start fusion-column-no-min-height\" style=\"--awb-bg-blend:overlay;--awb-bg-size:cover;--awb-width-large:100%;--awb-margin-top-large:0px;--awb-spacing-right-large:1.92%;--awb-margin-bottom-large:0px;--awb-spacing-left-large:1.92%;--awb-width-medium:100%;--awb-spacing-right-medium:1.92%;--awb-spacing-left-medium:1.92%;--awb-width-small:100%;--awb-spacing-right-small:1.92%;--awb-spacing-left-small:1.92%;\"><div class=\"fusion-column-wrapper fusion-flex-justify-content-flex-start fusion-content-layout-column\"><div class=\"fusion-separator fusion-full-width-sep\" style=\"align-self: center;margin-left: auto;margin-right: auto;width:100%;\"><div class=\"fusion-separator-border sep-single sep-solid\" style=\"--awb-height:20px;--awb-amount:20px;border-color:var(--awb-color4);border-top-width:1px;\"><\/div><\/div><div class=\"fusion-text fusion-text-2\"><p class=\"com-paragraph --s\">Este centro tiene m\u00e1s de 53.000 metros cuadrados donde se pueden almacenar y distribuir repuestos y accesorios originales de Volkswagen para m\u00e1s de 200 modelos del Grupo,<strong>\u00a0logrando una mejora en los tiempos de entrega del 50 %.<\/strong><\/p>\n<p class=\"com-paragraph --s\">Permite adem\u00e1s almacenar m\u00e1s de USD 25 millones en inventario, que equivalen a m\u00e1s de 40.000 piezas de stock que ser\u00e1n distribuidas a lo largo del pa\u00eds y a diferentes mercados de exportaci\u00f3n en Am\u00e9rica del Sur, Am\u00e9rica Central, Sud\u00e1frica y Europa.<\/p>\n<p class=\"com-paragraph --s\">El proyecto fue desarrollado con los m\u00e1s altos est\u00e1ndares de calidad con foco en la sustentabilidad y responsabilidad con el medio ambiente.<\/p>\n<p><img decoding=\"async\" class=\"lazyload alignnone size-full wp-image-1351\" src=\"https:\/\/o-mas-proyectos.com\/v4\/wp-content\/uploads\/2023\/08\/VW-3.png\" data-orig-src=\"https:\/\/o-mas-proyectos.com\/v4\/wp-content\/uploads\/2023\/08\/VW-3.png\" alt=\"VW 3\" width=\"780\" height=\"520\" srcset=\"data:image\/svg+xml,%3Csvg%20xmlns%3D%27http%3A%2F%2Fwww.w3.org%2F2000%2Fsvg%27%20width%3D%27780%27%20height%3D%27520%27%20viewBox%3D%270%200%20780%20520%27%3E%3Crect%20width%3D%27780%27%20height%3D%27520%27%20fill-opacity%3D%220%22%2F%3E%3C%2Fsvg%3E\" data-srcset=\"https:\/\/o-mas-proyectos.com\/v4\/wp-content\/uploads\/2023\/08\/VW-3-200x133.png 200w, https:\/\/o-mas-proyectos.com\/v4\/wp-content\/uploads\/2023\/08\/VW-3-300x200.png 300w, https:\/\/o-mas-proyectos.com\/v4\/wp-content\/uploads\/2023\/08\/VW-3-400x267.png 400w, https:\/\/o-mas-proyectos.com\/v4\/wp-content\/uploads\/2023\/08\/VW-3-600x400.png 600w, https:\/\/o-mas-proyectos.com\/v4\/wp-content\/uploads\/2023\/08\/VW-3-768x512.png 768w, https:\/\/o-mas-proyectos.com\/v4\/wp-content\/uploads\/2023\/08\/VW-3.png 780w\" data-sizes=\"auto\" data-orig-sizes=\"(max-width: 780px) 100vw, 780px\" \/><\/p>\n<\/div><\/div><\/div><div class=\"fusion-layout-column fusion_builder_column fusion-builder-column-2 fusion_builder_column_1_1 1_1 fusion-flex-column fusion-flex-align-self-flex-start fusion-column-no-min-height\" style=\"--awb-bg-blend:overlay;--awb-bg-size:cover;--awb-width-large:100%;--awb-margin-top-large:0px;--awb-spacing-right-large:1.92%;--awb-margin-bottom-large:0px;--awb-spacing-left-large:1.92%;--awb-width-medium:100%;--awb-spacing-right-medium:1.92%;--awb-spacing-left-medium:1.92%;--awb-width-small:100%;--awb-spacing-right-small:1.92%;--awb-spacing-left-small:1.92%;\"><div class=\"fusion-column-wrapper fusion-flex-justify-content-flex-start fusion-content-layout-column\"><div class=\"fusion-separator fusion-full-width-sep\" style=\"align-self: center;margin-left: auto;margin-right: auto;width:100%;\"><div class=\"fusion-separator-border sep-single sep-solid\" style=\"--awb-height:20px;--awb-amount:20px;border-color:var(--awb-color4);border-top-width:1px;\"><\/div><\/div><div class=\"fusion-text fusion-text-3\"><p class=\"com-paragraph --s\">Cuenta con sistemas de recolecci\u00f3n y reutilizaci\u00f3n del agua permitiendo ahorros del 30%, y sistemas de calentamiento de agua por energ\u00eda solar, ahorrando hasta un 70% en energ\u00eda.<\/p>\n<p class=\"com-paragraph --s\">Estos son ejemplos concretos de la\u00a0<strong>estrategia global de Volkswagen, Way to Zero, y su implementaci\u00f3n\u00a0<\/strong>en la Argentina, con un horizonte muy claro: alcanzar la neutralidad en emisiones CO2 para 2050.<\/p>\n<p class=\"com-paragraph --s\">Volkswagen Group Argentina confirma una vez m\u00e1s su compromiso con el pa\u00eds. Con m\u00e1s de 41 a\u00f1os de presencia en Argentina, contin\u00faa profundizando su apuesta por el desarrollo de la industria automotriz nacional, con una marcada identidad productora y exportadora.<\/p>\n<\/div><\/div><\/div><\/div><\/div>\n","protected":false},"excerpt":{"rendered":"","protected":false},"author":1,"featured_media":1349,"comment_status":"closed","ping_status":"open","sticky":false,"template":"","format":"standard","meta":{"footnotes":""},"categories":[50],"tags":[],"class_list":["post-1348","post","type-post","status-publish","format-standard","has-post-thumbnail","hentry","category-proyectos"],"_links":{"self":[{"href":"https:\/\/o-mas-proyectos.com\/v4\/wp-json\/wp\/v2\/posts\/1348","targetHints":{"allow":["GET"]}}],"collection":[{"href":"https:\/\/o-mas-proyectos.com\/v4\/wp-json\/wp\/v2\/posts"}],"about":[{"href":"https:\/\/o-mas-proyectos.com\/v4\/wp-json\/wp\/v2\/types\/post"}],"author":[{"embeddable":true,"href":"https:\/\/o-mas-proyectos.com\/v4\/wp-json\/wp\/v2\/users\/1"}],"replies":[{"embeddable":true,"href":"https:\/\/o-mas-proyectos.com\/v4\/wp-json\/wp\/v2\/comments?post=1348"}],"version-history":[{"count":0,"href":"https:\/\/o-mas-proyectos.com\/v4\/wp-json\/wp\/v2\/posts\/1348\/revisions"}],"wp:featuredmedia":[{"embeddable":true,"href":"https:\/\/o-mas-proyectos.com\/v4\/wp-json\/wp\/v2\/media\/1349"}],"wp:attachment":[{"href":"https:\/\/o-mas-proyectos.com\/v4\/wp-json\/wp\/v2\/media?parent=1348"}],"wp:term":[{"taxonomy":"category","embeddable":true,"href":"https:\/\/o-mas-proyectos.com\/v4\/wp-json\/wp\/v2\/categories?post=1348"},{"taxonomy":"post_tag","embeddable":true,"href":"https:\/\/o-mas-proyectos.com\/v4\/wp-json\/wp\/v2\/tags?post=1348"}],"curies":[{"name":"wp","href":"https:\/\/api.w.org\/{rel}","templated":true}]}}