{"id":1357,"date":"2021-09-27T20:45:02","date_gmt":"2021-09-27T20:45:02","guid":{"rendered":"https:\/\/o-mas-proyectos.com\/v4\/?p=1357"},"modified":"2023-08-10T18:19:24","modified_gmt":"2023-08-10T18:19:24","slug":"nuevo-centro-de-logistica-de-volkswagen-group-argentina","status":"publish","type":"post","link":"https:\/\/o-mas-proyectos.com\/v4\/2021\/09\/27\/nuevo-centro-de-logistica-de-volkswagen-group-argentina\/","title":{"rendered":"Nuevo centro de log\u00edstica de Volkswagen Group Argentina"},"content":{"rendered":"<div class=\"fusion-fullwidth fullwidth-box fusion-builder-row-1 fusion-flex-container hundred-percent-fullwidth non-hundred-percent-height-scrolling\" style=\"--awb-border-radius-top-left:0px;--awb-border-radius-top-right:0px;--awb-border-radius-bottom-right:0px;--awb-border-radius-bottom-left:0px;--awb-overflow:visible;\" ><div class=\"fusion-builder-row fusion-row fusion-flex-align-items-flex-start\" style=\"width:104% !important;max-width:104% !important;margin-left: calc(-4% \/ 2 );margin-right: calc(-4% \/ 2 );\"><div class=\"fusion-layout-column fusion_builder_column fusion-builder-column-0 fusion_builder_column_1_1 1_1 fusion-flex-column fusion-flex-align-self-flex-start fusion-column-no-min-height\" style=\"--awb-bg-blend:overlay;--awb-bg-size:cover;--awb-width-large:100%;--awb-margin-top-large:0px;--awb-spacing-right-large:1.92%;--awb-margin-bottom-large:0px;--awb-spacing-left-large:1.92%;--awb-width-medium:100%;--awb-spacing-right-medium:1.92%;--awb-spacing-left-medium:1.92%;--awb-width-small:100%;--awb-spacing-right-small:1.92%;--awb-spacing-left-small:1.92%;\"><div class=\"fusion-column-wrapper fusion-flex-justify-content-flex-start fusion-content-layout-column\"><div class=\"fusion-text fusion-text-1\"><p class=\"subtitulo\"><strong>Ubicado en la localidad de Pilar, el Centro Log\u00edstico F\u00e1tima tiene m\u00e1s de 53.000 metros cuadrados y permite almacenar y distribuir repuestos y accesorios para m\u00e1s de 200 modelos del Grupo Volkswagen. Sirve como punto de abastecimiento para el mercado local y de exportaci\u00f3n a Am\u00e9rica del Sur, Am\u00e9rica Central, Sud\u00e1frica y Europa.<\/strong><\/p>\n<p><span class=\"fusion-dropcap dropcap dropcap-boxed\" style=\"--awb-border-radius:0px;\">P<\/span>ese a la incertidumbre e imprevistos que trajo aparejada la pandemia,\u00a0<strong>Volkswagen Group Argentina\u00a0<\/strong>logr\u00f3, luego de un esfuerzo enorme por parte de todos los miembros de su equipo de trabajo,\u00a0<strong>inaugurar el nuevo Centro Log\u00edstico F\u00e1tima, en el municipio de Pilar. \u00a0<\/strong><\/p>\n<p>El evento cont\u00f3 con la presencia del Presidente y CEO de Volkswagen Group Argentina, Thomas Owsianski; el Director Comercial, Mart\u00edn Massimino; y la Directora de Asuntos Corporativos, Legales y P\u00fablicos, Angie Stelzer. Este nuevo Centro Log\u00edstico\u00a0<strong>forma parte del plan de inversi\u00f3n anunciado por el Grupo por casi US$ 1.000 millones (de los cuales US$ 40 millones fueron destinados a este proyecto)\u00a0<\/strong>y permitir\u00e1 abastecer de repuestos y accesorios al mercado local y de exportaci\u00f3n.<\/p>\n<p>\u00abQuiero destacar el gran trabajo y profesionalismo de todos los que participaron en la realizaci\u00f3n de este proyecto: el gobierno nacional, provincial y municipal, as\u00ed como tambi\u00e9n el SMATA, nuestros proveedores y colaboradores. Sobre todo, quiero felicitarlos por haber superado todos los desaf\u00edos que tuvimos y lograr terminar este incre\u00edble proyecto, cumpliendo, una vez m\u00e1s, con los compromisos asumidos\u00bb, se\u00f1al\u00f3\u00a0<strong>Thomas Owsianski, Presidente y CEO de Volkswagen Group Argentina<\/strong>.<\/p>\n<p>Volkswagen Group Argentina confirma una vez m\u00e1s su compromiso con el pa\u00eds. Con\u00a0<strong>m\u00e1s de 41 a\u00f1os de presencia en Argentina<\/strong>, contin\u00faa profundizando su apuesta por el desarrollo de la industria automotriz nacional, con una marcada identidad productora y exportadora.<\/p>\n<h2>La sustentabilidad como valor clave del negocio<\/h2>\n<p>El Centro Log\u00edstico de F\u00e1tima fue desarrollado con los m\u00e1s altos est\u00e1ndares de calidad con foco en la sustentabilidad y responsabilidad con el medioambiente. Cuenta con sistemas de recolecci\u00f3n y reutilizaci\u00f3n del agua permitiendo ahorros del 30%, y sistemas de calentamiento de agua por energ\u00eda solar,\u00a0<strong>ahorrando hasta un 70% en energ\u00eda<\/strong>. Estos son ejemplos concretos de\u00a0<strong>la estrategia de Way to Zero de Volkswagen\u00a0<\/strong>a nivel global y que ya pueden verse en la Argentina, y que tiene un horizonte muy claro:\u00a0<strong>alcanzar la neutralidad en emisiones CO2 para 2050<\/strong>.<\/p>\n<p><img decoding=\"async\" class=\"lazyload alignnone size-full wp-image-1359\" src=\"https:\/\/o-mas-proyectos.com\/v4\/wp-content\/uploads\/2023\/08\/VW-CL-2.webp\" data-orig-src=\"https:\/\/o-mas-proyectos.com\/v4\/wp-content\/uploads\/2023\/08\/VW-CL-2.webp\" alt=\"VW CL 2\" width=\"822\" height=\"549\" srcset=\"data:image\/svg+xml,%3Csvg%20xmlns%3D%27http%3A%2F%2Fwww.w3.org%2F2000%2Fsvg%27%20width%3D%27822%27%20height%3D%27549%27%20viewBox%3D%270%200%20822%20549%27%3E%3Crect%20width%3D%27822%27%20height%3D%27549%27%20fill-opacity%3D%220%22%2F%3E%3C%2Fsvg%3E\" data-srcset=\"https:\/\/o-mas-proyectos.com\/v4\/wp-content\/uploads\/2023\/08\/VW-CL-2-200x134.webp 200w, https:\/\/o-mas-proyectos.com\/v4\/wp-content\/uploads\/2023\/08\/VW-CL-2-300x200.webp 300w, https:\/\/o-mas-proyectos.com\/v4\/wp-content\/uploads\/2023\/08\/VW-CL-2-400x267.webp 400w, https:\/\/o-mas-proyectos.com\/v4\/wp-content\/uploads\/2023\/08\/VW-CL-2-600x401.webp 600w, https:\/\/o-mas-proyectos.com\/v4\/wp-content\/uploads\/2023\/08\/VW-CL-2-768x513.webp 768w, https:\/\/o-mas-proyectos.com\/v4\/wp-content\/uploads\/2023\/08\/VW-CL-2-800x534.webp 800w, https:\/\/o-mas-proyectos.com\/v4\/wp-content\/uploads\/2023\/08\/VW-CL-2.webp 822w\" data-sizes=\"auto\" data-orig-sizes=\"(max-width: 822px) 100vw, 822px\" \/><\/p>\n<p>Este proyecto forma parte del plan de inversiones de m\u00e1s de US$ 1.000 millones de Volkswagen para Argentina, de los cuales US$ 40 millones fueron destinados para este proyecto.\u00a0<strong>Tiene m\u00e1s de 53.000 metros cuadrados donde se pueden almacenar y distribuir repuestos y accesorios originales de Volkswagen para m\u00e1s de 200 modelos del Grupo<\/strong>, logrando una mejora en los tiempos de entrega del 50%.\u00a0<strong>Permite almacenar m\u00e1s de US$ 25 millones en inventario,\u00a0<\/strong>que equivalen a m\u00e1s de 40.000 piezas de stock que ser\u00e1n distribuidas a lo largo del pa\u00eds y a diferentes mercados de exportaci\u00f3n en Am\u00e9rica del Sur, Am\u00e9rica Central, Sud\u00e1frica y Europa.<\/p>\n<p>En el camino de la descarbonizaci\u00f3n de la compa\u00f1\u00eda y sus productos, con la estrategia global \u00abWay to Zero\u00bb, VW tiene la intenci\u00f3n de ser carbono neutral neto en 2050. \u00abConfiamos en los caminos identificados para reducir la huella de carbono de la familia ID (veh\u00edculos el\u00e9ctricos). Para los nuevos veh\u00edculos, VW har\u00e1 de las emisiones de CO2 un criterio clave en la adjudicaci\u00f3n de contratos a proveedores. As\u00ed,\u00a0<strong>la compa\u00f1\u00eda podr\u00e1 trabajar con sus proveedores\u00a0<\/strong>para mejorar gradualmente su huella de carbono y garantizar la sostenibilidad de su cadena de suministro\u00bb, finaliz\u00f3 Owsianski.<\/p>\n<\/div><\/div><\/div><\/div><\/div>\n","protected":false},"excerpt":{"rendered":"","protected":false},"author":1,"featured_media":1358,"comment_status":"closed","ping_status":"open","sticky":false,"template":"","format":"standard","meta":{"footnotes":""},"categories":[50,51],"tags":[],"class_list":["post-1357","post","type-post","status-publish","format-standard","has-post-thumbnail","hentry","category-proyectos","category-sustentabilidad"],"_links":{"self":[{"href":"https:\/\/o-mas-proyectos.com\/v4\/wp-json\/wp\/v2\/posts\/1357","targetHints":{"allow":["GET"]}}],"collection":[{"href":"https:\/\/o-mas-proyectos.com\/v4\/wp-json\/wp\/v2\/posts"}],"about":[{"href":"https:\/\/o-mas-proyectos.com\/v4\/wp-json\/wp\/v2\/types\/post"}],"author":[{"embeddable":true,"href":"https:\/\/o-mas-proyectos.com\/v4\/wp-json\/wp\/v2\/users\/1"}],"replies":[{"embeddable":true,"href":"https:\/\/o-mas-proyectos.com\/v4\/wp-json\/wp\/v2\/comments?post=1357"}],"version-history":[{"count":0,"href":"https:\/\/o-mas-proyectos.com\/v4\/wp-json\/wp\/v2\/posts\/1357\/revisions"}],"wp:featuredmedia":[{"embeddable":true,"href":"https:\/\/o-mas-proyectos.com\/v4\/wp-json\/wp\/v2\/media\/1358"}],"wp:attachment":[{"href":"https:\/\/o-mas-proyectos.com\/v4\/wp-json\/wp\/v2\/media?parent=1357"}],"wp:term":[{"taxonomy":"category","embeddable":true,"href":"https:\/\/o-mas-proyectos.com\/v4\/wp-json\/wp\/v2\/categories?post=1357"},{"taxonomy":"post_tag","embeddable":true,"href":"https:\/\/o-mas-proyectos.com\/v4\/wp-json\/wp\/v2\/tags?post=1357"}],"curies":[{"name":"wp","href":"https:\/\/api.w.org\/{rel}","templated":true}]}}