{"id":489,"date":"2018-09-20T17:28:19","date_gmt":"2018-09-20T17:28:19","guid":{"rendered":"http:\/\/o-mas-proyectos.com\/v4\/?p=489"},"modified":"2023-08-09T19:32:55","modified_gmt":"2023-08-09T19:32:55","slug":"beautiful-lighting-effects","status":"publish","type":"post","link":"https:\/\/o-mas-proyectos.com\/v4\/2018\/09\/20\/beautiful-lighting-effects\/","title":{"rendered":"Unilever inaugura su primer Centro de Distribuci\u00f3n Sustentable en Paraguay"},"content":{"rendered":"<div class=\"fusion-fullwidth fullwidth-box fusion-builder-row-1 fusion-flex-container hundred-percent-fullwidth non-hundred-percent-height-scrolling\" style=\"--awb-border-radius-top-left:0px;--awb-border-radius-top-right:0px;--awb-border-radius-bottom-right:0px;--awb-border-radius-bottom-left:0px;--awb-overflow:visible;\" ><div class=\"fusion-builder-row fusion-row fusion-flex-align-items-flex-start\" style=\"width:104% !important;max-width:104% !important;margin-left: calc(-4% \/ 2 );margin-right: calc(-4% \/ 2 );\"><div class=\"fusion-layout-column fusion_builder_column fusion-builder-column-0 fusion_builder_column_1_1 1_1 fusion-flex-column fusion-flex-align-self-flex-start fusion-column-no-min-height\" style=\"--awb-bg-blend:overlay;--awb-bg-size:cover;--awb-width-large:100%;--awb-margin-top-large:0px;--awb-spacing-right-large:1.92%;--awb-margin-bottom-large:0px;--awb-spacing-left-large:1.92%;--awb-width-medium:100%;--awb-spacing-right-medium:1.92%;--awb-spacing-left-medium:1.92%;--awb-width-small:100%;--awb-spacing-right-small:1.92%;--awb-spacing-left-small:1.92%;\"><div class=\"fusion-column-wrapper fusion-flex-justify-content-flex-start fusion-content-layout-column\"><div class=\"fusion-text fusion-text-1\"><p><span class=\"fusion-dropcap dropcap dropcap-boxed\" style=\"--awb-border-radius:0px;\">U<\/span>na de las m\u00e1s grandes apuestas de Unilever en 22 a\u00f1os de presencia en el pa\u00eds, el Centro Ecolog\u00edstico Avay, ha sido inaugurada el pasado 12 de septiembre en la ciudad de Villa Elisa.<\/p>\n<p><img decoding=\"async\" class=\"lazyload size-full wp-image-1335 aligncenter\" src=\"https:\/\/o-mas-proyectos.com\/v4\/wp-content\/uploads\/2015\/06\/Unilever-2.webp\" data-orig-src=\"https:\/\/o-mas-proyectos.com\/v4\/wp-content\/uploads\/2015\/06\/Unilever-2.webp\" alt=\"Unilever 2\" width=\"600\" height=\"338\" srcset=\"data:image\/svg+xml,%3Csvg%20xmlns%3D%27http%3A%2F%2Fwww.w3.org%2F2000%2Fsvg%27%20width%3D%27600%27%20height%3D%27338%27%20viewBox%3D%270%200%20600%20338%27%3E%3Crect%20width%3D%27600%27%20height%3D%27338%27%20fill-opacity%3D%220%22%2F%3E%3C%2Fsvg%3E\" data-srcset=\"https:\/\/o-mas-proyectos.com\/v4\/wp-content\/uploads\/2015\/06\/Unilever-2-200x113.webp 200w, https:\/\/o-mas-proyectos.com\/v4\/wp-content\/uploads\/2015\/06\/Unilever-2-300x169.webp 300w, https:\/\/o-mas-proyectos.com\/v4\/wp-content\/uploads\/2015\/06\/Unilever-2-400x225.webp 400w, https:\/\/o-mas-proyectos.com\/v4\/wp-content\/uploads\/2015\/06\/Unilever-2.webp 600w\" data-sizes=\"auto\" data-orig-sizes=\"(max-width: 600px) 100vw, 600px\" \/><\/p>\n<p>Una de las m\u00e1s grandes apuestas de Unilever en 22 a\u00f1os de presencia en el pa\u00eds, el Centro Ecolog\u00edstico Avay, ha sido inaugurada el pasado 12 de septiembre en la ciudad de Villa Elisa.<\/p>\n<p>\u201cEsto representa una nueva etapa que apuesta al futuro de nuestro pa\u00eds con un proyecto apoyado en la sustentabilidad\u201d, expres\u00f3 Rodrigo Sotomayor, Gerente General.<\/p>\n<p>La inversi\u00f3n demand\u00f3 m\u00e1s de\u00a0<strong>USD 16,5 millones<\/strong>\u00a0y\u00a0<strong>1 a\u00f1o de intenso trabajo<\/strong>\u00a0que involucr\u00f3 a m\u00e1s de\u00a0<strong>200 operarios<\/strong>. El nuevo Centro de Distribuci\u00f3n, cuyo proyecto estuvo a cargo de la empresa ATL Log\u00edstica, abarca un espacio de\u00a0<strong>17.524 m2<\/strong>, un\u00a0<strong>tama\u00f1o equivalente a la superficie de tres canchas de f\u00fatbol por la altura de un edificio de seis pisos.<\/strong><\/p>\n<p><strong>El primer Centro de Distribuci\u00f3n que contar\u00e1 con la certificaci\u00f3n Plata en Leadership in Energy &amp; Environmental Design (LEED).<\/strong><\/p>\n<p>Entre las innovaciones en materia de sustentabilidad que implementa la infraestructura se encuentran: iluminaci\u00f3n a partir de luces naturales utilizando al m\u00e1ximo la luz solar, sistemas de iluminaci\u00f3n de bajo consumo, tratamiento de agua para su reutilizaci\u00f3n, captaci\u00f3n de agua de lluvia y calentamiento del agua a trav\u00e9s de paneles solares.<\/p>\n<p><img decoding=\"async\" class=\"lazyload size-full wp-image-1334 aligncenter\" src=\"https:\/\/o-mas-proyectos.com\/v4\/wp-content\/uploads\/2015\/06\/Unilever-3.webp\" data-orig-src=\"https:\/\/o-mas-proyectos.com\/v4\/wp-content\/uploads\/2015\/06\/Unilever-3.webp\" alt=\"Unilever 3\" width=\"600\" height=\"338\" srcset=\"data:image\/svg+xml,%3Csvg%20xmlns%3D%27http%3A%2F%2Fwww.w3.org%2F2000%2Fsvg%27%20width%3D%27600%27%20height%3D%27338%27%20viewBox%3D%270%200%20600%20338%27%3E%3Crect%20width%3D%27600%27%20height%3D%27338%27%20fill-opacity%3D%220%22%2F%3E%3C%2Fsvg%3E\" data-srcset=\"https:\/\/o-mas-proyectos.com\/v4\/wp-content\/uploads\/2015\/06\/Unilever-3-200x113.webp 200w, https:\/\/o-mas-proyectos.com\/v4\/wp-content\/uploads\/2015\/06\/Unilever-3-300x169.webp 300w, https:\/\/o-mas-proyectos.com\/v4\/wp-content\/uploads\/2015\/06\/Unilever-3-400x225.webp 400w, https:\/\/o-mas-proyectos.com\/v4\/wp-content\/uploads\/2015\/06\/Unilever-3.webp 600w\" data-sizes=\"auto\" data-orig-sizes=\"(max-width: 600px) 100vw, 600px\" \/><\/p>\n<p><img decoding=\"async\" class=\"lazyload size-full wp-image-1333 aligncenter\" src=\"https:\/\/o-mas-proyectos.com\/v4\/wp-content\/uploads\/2015\/06\/Unilever-4.webp\" data-orig-src=\"https:\/\/o-mas-proyectos.com\/v4\/wp-content\/uploads\/2015\/06\/Unilever-4.webp\" alt=\"Unilever 4\" width=\"600\" height=\"338\" srcset=\"data:image\/svg+xml,%3Csvg%20xmlns%3D%27http%3A%2F%2Fwww.w3.org%2F2000%2Fsvg%27%20width%3D%27600%27%20height%3D%27338%27%20viewBox%3D%270%200%20600%20338%27%3E%3Crect%20width%3D%27600%27%20height%3D%27338%27%20fill-opacity%3D%220%22%2F%3E%3C%2Fsvg%3E\" data-srcset=\"https:\/\/o-mas-proyectos.com\/v4\/wp-content\/uploads\/2015\/06\/Unilever-4-200x113.webp 200w, https:\/\/o-mas-proyectos.com\/v4\/wp-content\/uploads\/2015\/06\/Unilever-4-300x169.webp 300w, https:\/\/o-mas-proyectos.com\/v4\/wp-content\/uploads\/2015\/06\/Unilever-4-400x225.webp 400w, https:\/\/o-mas-proyectos.com\/v4\/wp-content\/uploads\/2015\/06\/Unilever-4.webp 600w\" data-sizes=\"auto\" data-orig-sizes=\"(max-width: 600px) 100vw, 600px\" \/><\/p>\n<\/div><\/div><\/div><div class=\"fusion-layout-column fusion_builder_column fusion-builder-column-1 fusion_builder_column_1_1 1_1 fusion-flex-column fusion-flex-align-self-flex-start fusion-column-no-min-height\" style=\"--awb-bg-blend:overlay;--awb-bg-size:cover;--awb-width-large:100%;--awb-margin-top-large:0px;--awb-spacing-right-large:1.92%;--awb-margin-bottom-large:0px;--awb-spacing-left-large:1.92%;--awb-width-medium:100%;--awb-spacing-right-medium:1.92%;--awb-spacing-left-medium:1.92%;--awb-width-small:100%;--awb-spacing-right-small:1.92%;--awb-spacing-left-small:1.92%;\"><div class=\"fusion-column-wrapper fusion-flex-justify-content-flex-start fusion-content-layout-column\"><div class=\"fusion-text fusion-text-2\"><h2>Compromiso con el medio ambiente y con la comunidad<\/h2>\n<p>A ocho meses de su puesta en marcha,\u00a0<strong>el Centro de Distribuci\u00f3n de Unilever genera m\u00e1s de 255 puestos de trabajo y decenas de puestos indirectos<\/strong>. En este sentido, el Centro de Distribuci\u00f3n supera las exigencias de las normativas vigentes para contribuir a un mayor impacto social positivo en la ciudad de Villeta.<\/p>\n<p>La construcci\u00f3n se enmarca dentro del Plan de Vida Sustentable de Unilever, que en el a\u00f1o 2010 asumi\u00f3 el compromiso p\u00fablico de disminuir el impacto ambiental de sus operaciones en un 50 %.<\/p>\n<p>\u201cCon suma alegr\u00eda compartimos nuestro orgullo hoy de poder contribuir al desarrollo del pa\u00eds, a la generaci\u00f3n de empleo sustentable para familias paraguayas en las mejores condiciones, preocup\u00e1ndonos por la calidad de vida de nuestros colaboradores y sus comunidades. Desde hace m\u00e1s de 20 a\u00f1os tenemos la dicha de estar en un pa\u00eds tan maravilloso como Paraguay con marcas que apuestan a la sustentabilidad\u201d, expres\u00f3 Sotomayor.<\/p>\n<\/div><\/div><\/div><\/div><\/div>\n","protected":false},"excerpt":{"rendered":"","protected":false},"author":1,"featured_media":1332,"comment_status":"closed","ping_status":"open","sticky":false,"template":"","format":"standard","meta":{"footnotes":""},"categories":[50,51],"tags":[],"class_list":["post-489","post","type-post","status-publish","format-standard","has-post-thumbnail","hentry","category-proyectos","category-sustentabilidad"],"_links":{"self":[{"href":"https:\/\/o-mas-proyectos.com\/v4\/wp-json\/wp\/v2\/posts\/489","targetHints":{"allow":["GET"]}}],"collection":[{"href":"https:\/\/o-mas-proyectos.com\/v4\/wp-json\/wp\/v2\/posts"}],"about":[{"href":"https:\/\/o-mas-proyectos.com\/v4\/wp-json\/wp\/v2\/types\/post"}],"author":[{"embeddable":true,"href":"https:\/\/o-mas-proyectos.com\/v4\/wp-json\/wp\/v2\/users\/1"}],"replies":[{"embeddable":true,"href":"https:\/\/o-mas-proyectos.com\/v4\/wp-json\/wp\/v2\/comments?post=489"}],"version-history":[{"count":0,"href":"https:\/\/o-mas-proyectos.com\/v4\/wp-json\/wp\/v2\/posts\/489\/revisions"}],"wp:featuredmedia":[{"embeddable":true,"href":"https:\/\/o-mas-proyectos.com\/v4\/wp-json\/wp\/v2\/media\/1332"}],"wp:attachment":[{"href":"https:\/\/o-mas-proyectos.com\/v4\/wp-json\/wp\/v2\/media?parent=489"}],"wp:term":[{"taxonomy":"category","embeddable":true,"href":"https:\/\/o-mas-proyectos.com\/v4\/wp-json\/wp\/v2\/categories?post=489"},{"taxonomy":"post_tag","embeddable":true,"href":"https:\/\/o-mas-proyectos.com\/v4\/wp-json\/wp\/v2\/tags?post=489"}],"curies":[{"name":"wp","href":"https:\/\/api.w.org\/{rel}","templated":true}]}}